{"id":1938,"date":"2024-02-01T19:00:03","date_gmt":"2024-02-01T19:00:03","guid":{"rendered":"https:\/\/tulinkahveci.com\/?p=1938"},"modified":"2024-02-01T19:00:03","modified_gmt":"2024-02-01T19:00:03","slug":"subat","status":"publish","type":"post","link":"https:\/\/tulinkahveci.com\/index.php\/2024\/02\/01\/subat\/","title":{"rendered":"\u015eubat"},"content":{"rendered":"<h2>\u015eubat<\/h2>\n<p>Her ne kadar Ocak ay\u0131 g\u00fczel ba\u015flamam\u0131\u015f ve g\u00fczel ge\u00e7memi\u015f olsa da; \u015eubat ay\u0131 \u00e7ok b\u00fcy\u00fck bir \u00fcz\u00fcnt\u00fc ve kay\u0131plar\u0131 hat\u0131rlatsa da yeni bir aya ba\u015fl\u0131yoruz<\/p>\n<p>Yeni ay\u0131n hepimize g\u00fczellikler getirmesi dile\u011fiyle<\/p>\n<p>S\u00f6zc\u00fc\u011f\u00fcn k\u00f6keni Akat\u00e7ada &#8220;vurma, \u00e7arpma, y\u0131kma&#8221; anlam\u0131ndaki &#8220;\u015fab\u0101\u1e6du&#8221; s\u00f6zc\u00fc\u011f\u00fcnden de t\u00fcretilmi\u015f olabilir; ancak bunun k\u00f6keni kesin de\u011fildir.<\/p>\n<p>\u0130branice&#8217;de &#8220;\u015fevat&#8221; , Aramice (S\u00fcryanice) &#8220;\u015f\u0259b\u0101\u1e6d&#8221; ve Arap\u00e7a&#8217;da &#8220;\u015fub\u0101\u1e6d&#8221; olarak ge\u00e7mi\u015ftir. T\u00fcrk\u00e7eye de bu dillerden ge\u00e7mi\u015ftir.<\/p>\n<p>K\u00f6keni &#8220;\u015fabat&#8221; s\u00f6zc\u00fc\u011f\u00fcd\u00fcr. \u015eabat; &#8220;dinlenilen g\u00fcn&#8221; anlam\u0131na gelmektedir.<\/p>\n<p>\u00c7\u00fcnk\u00fc tar\u0131m toplumu olan Anadolu S\u00fcryanilerinin k\u0131\u015f\u0131n son ay\u0131 olan \u015eubat ay\u0131nda, mevsim ko\u015fullar\u0131ndan dolay\u0131 tar\u0131msal faaliyet g\u00f6stemediklerinden dolay\u0131 evde k\u0131\u015f\u0131n bitmesini beklemelerinden ve dinlenmelerinden kaynaklanmaktad\u0131r.<\/p>\n<p>\u015eubat ay\u0131n\u0131n bat\u0131l\u0131 dillerdeki ad\u0131, Roma ar\u0131nma Tanr\u0131\u00e7as\u0131 Februus&#8217;un ad\u0131ndan gelmektedir.<\/p>\n<p>Romal\u0131lar her \u015eubat ay\u0131n\u0131n 15. g\u00fcn\u00fcnde imparatorluklar\u0131n\u0131n daha iyi bir ya\u015fama odaklanabilmesi i\u00e7in &#8220;ar\u0131nma festivalleri&#8221; d\u00fczenliyorlarm\u0131\u015f.<\/p>\n<p>Bu festivallerde v\u00fccutlar\u0131n\u0131 temizleyip ar\u0131nd\u0131rmada kulland\u0131klar\u0131 her t\u00fcrl\u00fc malzemeye februa denmekteymi\u015f. Bu da, Antik Roma dilindeki ar\u0131nma tanr\u0131s\u0131 Februus&#8217;tan gelmektedir.<\/p>\n<p>\u00c7o\u011fu Avrupa dilinde \u015eubat kelimesinin geldi\u011fi Latince Februarius kelimesi, ismini bu tanr\u0131dan ve ili\u015fkili Februa festivalinden alm\u0131\u015ft\u0131r.<\/p>\n<p>Februus muhtemelen daha eski olan Februa (ayr\u0131ca Februalia ve Februatio), bahar y\u0131kama ve ar\u0131nma festivali onuruna adland\u0131r\u0131lm\u0131\u015ft\u0131r. Februus&#8217;un kutsal ay\u0131 Februarius&#8217;dur (Februa&#8217;ya ait).<\/p>\n<p>\u0130ngilizcedeki &#8220;february&#8221; s\u00f6zc\u00fc\u011f\u00fc de eski \u0130ngilizcede Februarius olarak ge\u00e7mektedir<\/p>\n<p>&#x1f4cc;Roma&#8217;n\u0131n kurucusu Romulus\u2019un emriyle yap\u0131lan ilk takvimde Ocak ve \u015eubat aylar\u0131 yoktu<\/p>\n<p>&#x1f4cc;\u0130mparator Numa bu eksikli\u011fi gidermek i\u00e7in Ocak ve \u015eubat&#8217;\u0131 sonradan takvime ilave ettirdi. Y\u0131lba\u015f\u0131, bu d\u00f6nemde Mart ay\u0131nda ba\u015fl\u0131yordu. Yeni eklenen aylar da y\u0131l\u0131n son aylar\u0131 olarak yerlerini ald\u0131lar. Bu durumda \u015eubat, y\u0131l\u0131n son ay\u0131 oluyordu.<\/p>\n<p>&#x1f4cc;Bug\u00fcn kulland\u0131\u011f\u0131m\u0131z Gregoryen takviminin k\u00f6keni, Roma \u0130mparatoru Julius Caesar\u2019\u0131n, M\u0131s\u0131rl\u0131 astronomi bilgini Sosigenes\u2019e yapt\u0131rd\u0131\u011f\u0131 \u201cJulyen\u201d takvimidir.<\/p>\n<p>&#x1f4cc;Bu takvime g\u00f6re bir y\u0131l 365 g\u00fcn s\u00fcrer ve her y\u0131ldan 6 saat artar. Artan bu saatler her 4 y\u0131lda, bir g\u00fcn eder ve y\u0131la eklenir. B\u00f6ylece bir y\u0131l, 4 y\u0131lda bir 366 g\u00fcne \u00e7\u0131kar. Ne var ki 366 say\u0131s\u0131 12\u2019ye tam olarak b\u00f6l\u00fcnmedi\u011finden baz\u0131 aylar\u0131n 30 baz\u0131 aylar\u0131n da 31 \u00e7ekmesi uygun g\u00f6r\u00fcl\u00fcr.<\/p>\n<p>&#x1f4cc;,Julius Caesar \u201cJuly\u201d olarak bilinen temmuz ay\u0131na ad\u0131n\u0131 verir ve Temmuz ay\u0131 31 g\u00fcn s\u00fcrer.<\/p>\n<p>&#x1f4cc;\u015eubat da, y\u0131l\u0131n son ay\u0131 olmas\u0131 nedeniyle 29 \u00e7ekiyor ve 4 y\u0131lda bir defa 30 \u00e7ekiyordu.<\/p>\n<p>&#x1f4cc; Ancak Caesar\u2019dan sonra ya\u015fayan bir ba\u015fka Roma \u0130mparatoru Augustus da kendi ad\u0131n\u0131 bir aya verir. Ne var ki A\u011fustos (Augustus\u2019un ad\u0131ndan) ay\u0131n\u0131n 30, Caesar\u2019\u0131n ad\u0131n\u0131 ta\u015f\u0131yan Temmuz ay\u0131n\u0131n 31 \u00e7ekmesini ha\u015fmetine yak\u0131\u015ft\u0131ramayan \u0130mparator Augustus, kendi ad\u0131yla an\u0131lan ay\u0131n da 31 g\u00fcn s\u00fcrmesini emretti\u011finden;<\/p>\n<p>&#x1f4cc;Astronomlar, y\u0131l\u0131n son ak\u015fam y\u0131 olan \u015fubattan bir g\u00fcn\u00fc al\u0131p, a\u011fustos ay\u0131na ekler. B\u00f6ylece 30-29 g\u00fcn d\u00f6ng\u00fcs\u00fc ya\u015fayan \u015fubat ay\u0131 29-28 g\u00fcn olarak belirlenir.<\/p>\n<p>&#x1f4cc; Neyse ki, M\u00d6 40\u2019larda y\u0131lba\u015f\u0131 g\u00fcn\u00fc 1 Mart yerine 1 Ocak\u2019a al\u0131nd\u0131 da, \u015eubat da y\u0131l\u0131n son ay\u0131 olmaktan kurtuldu.<\/p>\n","protected":false},"excerpt":{"rendered":"<p>\u015eubat Her ne kadar Ocak ay\u0131 g\u00fczel ba\u015flamam\u0131\u015f ve g\u00fczel ge\u00e7memi\u015f olsa da; \u015eubat ay\u0131 \u00e7ok b\u00fcy\u00fck bir \u00fcz\u00fcnt\u00fc ve kay\u0131plar\u0131 hat\u0131rlatsa da yeni bir aya ba\u015fl\u0131yoruz Yeni ay\u0131n hepimize g\u00fczellikler getirmesi dile\u011fiyle S\u00f6zc\u00fc\u011f\u00fcn k\u00f6keni Akat\u00e7ada &#8220;vurma, \u00e7arpma, y\u0131kma&#8221; anlam\u0131ndaki &#8220;\u015fab\u0101\u1e6du&#8221; s\u00f6zc\u00fc\u011f\u00fcnden de t\u00fcretilmi\u015f olabilir; ancak bunun k\u00f6keni kesin de\u011fildir. \u0130branice&#8217;de &#8220;\u015fevat&#8221; , Aramice (S\u00fcryanice) [&hellip;]<\/p>\n","protected":false},"author":1,"featured_media":0,"comment_status":"open","ping_status":"closed","sticky":false,"template":"","format":"standard","meta":{"footnotes":""},"categories":[7],"tags":[],"class_list":["post-1938","post","type-post","status-publish","format-standard","hentry","category-sosyal"],"yoast_head":"<!-- This site is optimized with the Yoast SEO plugin v27.5 - https:\/\/yoast.com\/product\/yoast-seo-wordpress\/ -->\n<title>\u015eubat - T\u00dcL\u0130N KAHVEC\u0130<\/title>\n<meta name=\"description\" content=\"\u015eubat ay\u0131n\u0131n anlam ve \u00f6nemi\" \/>\n<meta name=\"robots\" content=\"index, follow, max-snippet:-1, max-image-preview:large, max-video-preview:-1\" \/>\n<link rel=\"canonical\" href=\"https:\/\/tulinkahveci.com\/index.php\/2024\/02\/01\/subat\/\" \/>\n<meta property=\"og:locale\" content=\"tr_TR\" \/>\n<meta property=\"og:type\" content=\"article\" \/>\n<meta property=\"og:title\" content=\"\u015eubat - T\u00dcL\u0130N KAHVEC\u0130\" \/>\n<meta property=\"og:description\" content=\"\u015eubat ay\u0131n\u0131n anlam ve \u00f6nemi\" \/>\n<meta property=\"og:url\" content=\"https:\/\/tulinkahveci.com\/index.php\/2024\/02\/01\/subat\/\" \/>\n<meta property=\"og:site_name\" content=\"T\u00dcL\u0130N KAHVEC\u0130\" \/>\n<meta property=\"article:published_time\" content=\"2024-02-01T19:00:03+00:00\" \/>\n<meta name=\"author\" content=\"admin\" \/>\n<meta name=\"twitter:card\" content=\"summary_large_image\" \/>\n<meta name=\"twitter:label1\" content=\"Yazan:\" \/>\n\t<meta name=\"twitter:data1\" content=\"admin\" \/>\n\t<meta name=\"twitter:label2\" content=\"Tahmini okuma s\u00fcresi\" \/>\n\t<meta name=\"twitter:data2\" content=\"3 dakika\" \/>\n<script type=\"application\/ld+json\" class=\"yoast-schema-graph\">{\"@context\":\"https:\\\/\\\/schema.org\",\"@graph\":[{\"@type\":\"Article\",\"@id\":\"https:\\\/\\\/tulinkahveci.com\\\/index.php\\\/2024\\\/02\\\/01\\\/subat\\\/#article\",\"isPartOf\":{\"@id\":\"https:\\\/\\\/tulinkahveci.com\\\/index.php\\\/2024\\\/02\\\/01\\\/subat\\\/\"},\"author\":{\"name\":\"admin\",\"@id\":\"https:\\\/\\\/tulinkahveci.com\\\/#\\\/schema\\\/person\\\/41506f8e155504d632c3760bf354b74c\"},\"headline\":\"\u015eubat\",\"datePublished\":\"2024-02-01T19:00:03+00:00\",\"mainEntityOfPage\":{\"@id\":\"https:\\\/\\\/tulinkahveci.com\\\/index.php\\\/2024\\\/02\\\/01\\\/subat\\\/\"},\"wordCount\":633,\"commentCount\":0,\"articleSection\":[\"Sosyal\"],\"inLanguage\":\"tr\",\"potentialAction\":[{\"@type\":\"CommentAction\",\"name\":\"Comment\",\"target\":[\"https:\\\/\\\/tulinkahveci.com\\\/index.php\\\/2024\\\/02\\\/01\\\/subat\\\/#respond\"]}]},{\"@type\":\"WebPage\",\"@id\":\"https:\\\/\\\/tulinkahveci.com\\\/index.php\\\/2024\\\/02\\\/01\\\/subat\\\/\",\"url\":\"https:\\\/\\\/tulinkahveci.com\\\/index.php\\\/2024\\\/02\\\/01\\\/subat\\\/\",\"name\":\"\u015eubat - T\u00dcL\u0130N KAHVEC\u0130\",\"isPartOf\":{\"@id\":\"https:\\\/\\\/tulinkahveci.com\\\/#website\"},\"datePublished\":\"2024-02-01T19:00:03+00:00\",\"author\":{\"@id\":\"https:\\\/\\\/tulinkahveci.com\\\/#\\\/schema\\\/person\\\/41506f8e155504d632c3760bf354b74c\"},\"description\":\"\u015eubat ay\u0131n\u0131n anlam ve \u00f6nemi\",\"breadcrumb\":{\"@id\":\"https:\\\/\\\/tulinkahveci.com\\\/index.php\\\/2024\\\/02\\\/01\\\/subat\\\/#breadcrumb\"},\"inLanguage\":\"tr\",\"potentialAction\":[{\"@type\":\"ReadAction\",\"target\":[\"https:\\\/\\\/tulinkahveci.com\\\/index.php\\\/2024\\\/02\\\/01\\\/subat\\\/\"]}]},{\"@type\":\"BreadcrumbList\",\"@id\":\"https:\\\/\\\/tulinkahveci.com\\\/index.php\\\/2024\\\/02\\\/01\\\/subat\\\/#breadcrumb\",\"itemListElement\":[{\"@type\":\"ListItem\",\"position\":1,\"name\":\"Anasayfa\",\"item\":\"https:\\\/\\\/tulinkahveci.com\\\/\"},{\"@type\":\"ListItem\",\"position\":2,\"name\":\"\u015eubat\"}]},{\"@type\":\"WebSite\",\"@id\":\"https:\\\/\\\/tulinkahveci.com\\\/#website\",\"url\":\"https:\\\/\\\/tulinkahveci.com\\\/\",\"name\":\"T\u00dcL\u0130N KAHVEC\u0130\",\"description\":\"\",\"potentialAction\":[{\"@type\":\"SearchAction\",\"target\":{\"@type\":\"EntryPoint\",\"urlTemplate\":\"https:\\\/\\\/tulinkahveci.com\\\/?s={search_term_string}\"},\"query-input\":{\"@type\":\"PropertyValueSpecification\",\"valueRequired\":true,\"valueName\":\"search_term_string\"}}],\"inLanguage\":\"tr\"},{\"@type\":\"Person\",\"@id\":\"https:\\\/\\\/tulinkahveci.com\\\/#\\\/schema\\\/person\\\/41506f8e155504d632c3760bf354b74c\",\"name\":\"admin\",\"image\":{\"@type\":\"ImageObject\",\"inLanguage\":\"tr\",\"@id\":\"https:\\\/\\\/secure.gravatar.com\\\/avatar\\\/8170a236ae5bc6a63b3b220d739cb384d0a967b39ec357f17b0b1a3443b06124?s=96&d=mm&r=g\",\"url\":\"https:\\\/\\\/secure.gravatar.com\\\/avatar\\\/8170a236ae5bc6a63b3b220d739cb384d0a967b39ec357f17b0b1a3443b06124?s=96&d=mm&r=g\",\"contentUrl\":\"https:\\\/\\\/secure.gravatar.com\\\/avatar\\\/8170a236ae5bc6a63b3b220d739cb384d0a967b39ec357f17b0b1a3443b06124?s=96&d=mm&r=g\",\"caption\":\"admin\"},\"sameAs\":[\"https:\\\/\\\/tulinkahveci.com\"],\"url\":\"https:\\\/\\\/tulinkahveci.com\\\/index.php\\\/author\\\/admin\\\/\"}]}<\/script>\n<!-- \/ Yoast SEO plugin. -->","yoast_head_json":{"title":"\u015eubat - T\u00dcL\u0130N KAHVEC\u0130","description":"\u015eubat ay\u0131n\u0131n anlam ve \u00f6nemi","robots":{"index":"index","follow":"follow","max-snippet":"max-snippet:-1","max-image-preview":"max-image-preview:large","max-video-preview":"max-video-preview:-1"},"canonical":"https:\/\/tulinkahveci.com\/index.php\/2024\/02\/01\/subat\/","og_locale":"tr_TR","og_type":"article","og_title":"\u015eubat - T\u00dcL\u0130N KAHVEC\u0130","og_description":"\u015eubat ay\u0131n\u0131n anlam ve \u00f6nemi","og_url":"https:\/\/tulinkahveci.com\/index.php\/2024\/02\/01\/subat\/","og_site_name":"T\u00dcL\u0130N KAHVEC\u0130","article_published_time":"2024-02-01T19:00:03+00:00","author":"admin","twitter_card":"summary_large_image","twitter_misc":{"Yazan:":"admin","Tahmini okuma s\u00fcresi":"3 dakika"},"schema":{"@context":"https:\/\/schema.org","@graph":[{"@type":"Article","@id":"https:\/\/tulinkahveci.com\/index.php\/2024\/02\/01\/subat\/#article","isPartOf":{"@id":"https:\/\/tulinkahveci.com\/index.php\/2024\/02\/01\/subat\/"},"author":{"name":"admin","@id":"https:\/\/tulinkahveci.com\/#\/schema\/person\/41506f8e155504d632c3760bf354b74c"},"headline":"\u015eubat","datePublished":"2024-02-01T19:00:03+00:00","mainEntityOfPage":{"@id":"https:\/\/tulinkahveci.com\/index.php\/2024\/02\/01\/subat\/"},"wordCount":633,"commentCount":0,"articleSection":["Sosyal"],"inLanguage":"tr","potentialAction":[{"@type":"CommentAction","name":"Comment","target":["https:\/\/tulinkahveci.com\/index.php\/2024\/02\/01\/subat\/#respond"]}]},{"@type":"WebPage","@id":"https:\/\/tulinkahveci.com\/index.php\/2024\/02\/01\/subat\/","url":"https:\/\/tulinkahveci.com\/index.php\/2024\/02\/01\/subat\/","name":"\u015eubat - T\u00dcL\u0130N KAHVEC\u0130","isPartOf":{"@id":"https:\/\/tulinkahveci.com\/#website"},"datePublished":"2024-02-01T19:00:03+00:00","author":{"@id":"https:\/\/tulinkahveci.com\/#\/schema\/person\/41506f8e155504d632c3760bf354b74c"},"description":"\u015eubat ay\u0131n\u0131n anlam ve \u00f6nemi","breadcrumb":{"@id":"https:\/\/tulinkahveci.com\/index.php\/2024\/02\/01\/subat\/#breadcrumb"},"inLanguage":"tr","potentialAction":[{"@type":"ReadAction","target":["https:\/\/tulinkahveci.com\/index.php\/2024\/02\/01\/subat\/"]}]},{"@type":"BreadcrumbList","@id":"https:\/\/tulinkahveci.com\/index.php\/2024\/02\/01\/subat\/#breadcrumb","itemListElement":[{"@type":"ListItem","position":1,"name":"Anasayfa","item":"https:\/\/tulinkahveci.com\/"},{"@type":"ListItem","position":2,"name":"\u015eubat"}]},{"@type":"WebSite","@id":"https:\/\/tulinkahveci.com\/#website","url":"https:\/\/tulinkahveci.com\/","name":"T\u00dcL\u0130N KAHVEC\u0130","description":"","potentialAction":[{"@type":"SearchAction","target":{"@type":"EntryPoint","urlTemplate":"https:\/\/tulinkahveci.com\/?s={search_term_string}"},"query-input":{"@type":"PropertyValueSpecification","valueRequired":true,"valueName":"search_term_string"}}],"inLanguage":"tr"},{"@type":"Person","@id":"https:\/\/tulinkahveci.com\/#\/schema\/person\/41506f8e155504d632c3760bf354b74c","name":"admin","image":{"@type":"ImageObject","inLanguage":"tr","@id":"https:\/\/secure.gravatar.com\/avatar\/8170a236ae5bc6a63b3b220d739cb384d0a967b39ec357f17b0b1a3443b06124?s=96&d=mm&r=g","url":"https:\/\/secure.gravatar.com\/avatar\/8170a236ae5bc6a63b3b220d739cb384d0a967b39ec357f17b0b1a3443b06124?s=96&d=mm&r=g","contentUrl":"https:\/\/secure.gravatar.com\/avatar\/8170a236ae5bc6a63b3b220d739cb384d0a967b39ec357f17b0b1a3443b06124?s=96&d=mm&r=g","caption":"admin"},"sameAs":["https:\/\/tulinkahveci.com"],"url":"https:\/\/tulinkahveci.com\/index.php\/author\/admin\/"}]}},"_links":{"self":[{"href":"https:\/\/tulinkahveci.com\/index.php\/wp-json\/wp\/v2\/posts\/1938","targetHints":{"allow":["GET"]}}],"collection":[{"href":"https:\/\/tulinkahveci.com\/index.php\/wp-json\/wp\/v2\/posts"}],"about":[{"href":"https:\/\/tulinkahveci.com\/index.php\/wp-json\/wp\/v2\/types\/post"}],"author":[{"embeddable":true,"href":"https:\/\/tulinkahveci.com\/index.php\/wp-json\/wp\/v2\/users\/1"}],"replies":[{"embeddable":true,"href":"https:\/\/tulinkahveci.com\/index.php\/wp-json\/wp\/v2\/comments?post=1938"}],"version-history":[{"count":0,"href":"https:\/\/tulinkahveci.com\/index.php\/wp-json\/wp\/v2\/posts\/1938\/revisions"}],"wp:attachment":[{"href":"https:\/\/tulinkahveci.com\/index.php\/wp-json\/wp\/v2\/media?parent=1938"}],"wp:term":[{"taxonomy":"category","embeddable":true,"href":"https:\/\/tulinkahveci.com\/index.php\/wp-json\/wp\/v2\/categories?post=1938"},{"taxonomy":"post_tag","embeddable":true,"href":"https:\/\/tulinkahveci.com\/index.php\/wp-json\/wp\/v2\/tags?post=1938"}],"curies":[{"name":"wp","href":"https:\/\/api.w.org\/{rel}","templated":true}]}}